{"id":3741,"date":"2023-02-09T07:39:48","date_gmt":"2023-02-09T07:39:48","guid":{"rendered":"https:\/\/dev.lidex.grzegorzkowalski.pl\/?p=3741"},"modified":"2023-04-25T00:10:05","modified_gmt":"2023-04-25T00:10:05","slug":"lidex-2023-socially-engaged","status":"publish","type":"post","link":"https:\/\/dev.lidex.grzegorzkowalski.pl\/en\/lidex-2023-socially-engaged\/","title":{"rendered":"Lidex 2023 socially engaged"},"content":{"rendered":"\n<p>Dzi\u015b chcieliby\u015bmy podzieli\u0107 si\u0119 informacjami o najnowszych dzia\u0142aniach Lidexu na rzecz zr\u00f3wnowa\u017conego rozwoju. Od lat dzia\u0142amy charytatywnie, wspieramy &#8211; w\u00a0ramach naszych mo\u017cliwo\u015bci &#8211; inicjatywy ze \u015bwiata kultury, sztuki, wsp\u00f3\u0142pracy mi\u0119dzynarodowej. Podejmujemy te\u017c w\u0142asne przedsi\u0119wzi\u0119cia w\u00a0obszarze wyr\u00f3wnywania nier\u00f3wno\u015bci oraz ochrony \u015brodowiska.<\/p>\n\n<!--more-->\n\n<p>I tak:<\/p>\n\n<h2 class=\"wp-block-heading\">FIRMA Z SERCEM<\/h2>\n\n<p>Ju\u017c trzeci rok z rz\u0119du (2021, 2022, 2023) przyst\u0105pili\u015bmy do programu <a href=\"https:\/\/unicef.pl\/chce-pomoc\/nasze-programy\/firma-z-sercem\" target=\"_blank\" rel=\"noreferrer noopener\">\u201eFirma z sercem\u201d<\/a> UNICEF-u, wspieraj\u0105cego dzieci z obszar\u00f3w zagro\u017conych dzia\u0142aniami wojennymi i g\u0142odem.<\/p>\n\n<h2 class=\"wp-block-heading\">CYKL KARIERY<\/h2>\n\n<p>Przyst\u0105pili\u015bmy r\u00f3wnie\u017c do programu Cykl Kariery Fundacji Kulczyk. Jeste\u015bmy bowiem firm\u0105, w kt\u00f3rej wi\u0119kszo\u015b\u0107 pracownik\u00f3w stanowi\u0105 kobiety, a jednocze\u015bnie aspekty spo\u0142eczne, tworzenie przyjaznego \u015brodowiska pracy i wyr\u00f3wnywania szans s\u0105 dla nas autentycznie wa\u017cne. Program Cykl Kariery jest po\u015bwi\u0119cony walce z problemem, kt\u00f3ry stanowi temat tabu \u2013 z ub\u00f3stwem menstruacyjnym. Zach\u0119camy do zapoznania si\u0119 z\u00a0<a href=\"https:\/\/kulczykfoundation.org.pl\/uploads\/media\/default\/0001\/05\/0fbe618f4aa748170c8b3f096367e2c607888eb8.pdf\" target=\"_blank\" rel=\"noreferrer noopener\">informacjami na ten temat<\/a> a tak\u017ce do przyst\u0105pienia do Programu.<\/p>\n\n<h2 class=\"wp-block-heading\">DYPLOMATYCZNE OTWARCIE ROKU 2023<\/h2>\n\n<p>Tradycyjnie ju\u017c jako Partner Techniczny Krajowej Izby Gospodarczej b\u0119dziemy zapewnia\u0107 kompleksow\u0105 obs\u0142ug\u0119 techniczno-t\u0142umaczeniow\u0105 wydarzenia \u201eDyplomatyczne Otwarcie Roku\u201d &#8211; 9 lutego 2023 r. w siedzibie PKOL Centrum Olimpijskie. To cykliczne wydarzenie organizowane przez KIG sprzyja okre\u015blaniu miejsca Polski w obszarze mi\u0119dzynarodowej wsp\u00f3\u0142pracy gospodarczej i handlowej, a tym samym stanowi istotny element szeroko poj\u0119tej dyplomacji ekonomicznej.<\/p>\n\n<h2 class=\"wp-block-heading\">WYSTAWA MI\u0141O\u015a\u0106 I OBOWI\u0104ZEK NA ZAMKU KR\u00d3LEWSKIM W WARSZAWIE<\/h2>\n\n<p>Jako Partner Zamku Kr\u00f3lewskiego w Warszawie od lat mamy przyjemno\u015b\u0107 wspiera\u0107 t\u0119 instytucj\u0119 w zakresie t\u0142umacze\u0144 oraz us\u0142ug konferencyjnych. 23 stycznia mieli\u015bmy okazj\u0119 zapewni\u0107 sprz\u0119t i obs\u0142ug\u0119 techniczn\u0105 konferencji prasowej i otwarcia wystawy <a href=\"https:\/\/www.zamek-krolewski.pl\/milosc-i-obowiazek\" target=\"_blank\" rel=\"noreferrer noopener\">Mi\u0142o\u015b\u0107 i obowi\u0105zek<\/a>. Wystawa po\u015bwi\u0119cona Powstaniu Styczniowemu 1863 ukazuje historie konkretnych ludzi \u2013 tworz\u0105cych wsp\u00f3lnot\u0119, kt\u00f3ra stan\u0119\u0142a do walki o niepodleg\u0142o\u015b\u0107.<br\/>Niech udzia\u0142 w tej wystawie, do kt\u00f3rego zach\u0119camy, stanie si\u0119 naszym ho\u0142dem dla konkretnych ludzi, kt\u00f3rzy tu i teraz, w roku 2023, tworz\u0105 wsp\u00f3lnoty walcz\u0105ce o swoj\u0105 niepodleg\u0142o\u015b\u0107.<\/p>\n","protected":false},"excerpt":{"rendered":"<p>Dzi\u015b chcieliby\u015bmy podzieli\u0107 si\u0119 informacjami o najnowszych dzia\u0142aniach Lidexu na rzecz zr\u00f3wnowa\u017conego rozwoju.  Od lat dzia\u0142amy charytatywnie, wspieramy &#8211; w\u00a0ramach naszych mo\u017cliwo\u015bci &#8211; inicjatywy ze \u015bwiata kultury, sztuki, wsp\u00f3\u0142pracy mi\u0119dzynarodowej.  Podejmujemy te\u017c w\u0142asne przedsi\u0119wzi\u0119cia w\u00a0obszarze wyr\u00f3wnywania nier\u00f3wno\u015bci oraz ochrony \u015brodowiska.<\/p>\n","protected":false},"author":4,"featured_media":3739,"comment_status":"closed","ping_status":"open","sticky":false,"template":"","format":"standard","meta":{"inline_featured_image":false,"footnotes":""},"categories":[36],"tags":[],"class_list":["post-3741","post","type-post","status-publish","format-standard","has-post-thumbnail","hentry","category-news"],"yoast_head":"<!-- This site is optimized with the Yoast SEO plugin v20.7 - https:\/\/yoast.com\/wordpress\/plugins\/seo\/ -->\n<title>Lidex 2023 socially engaged - Lidex translations and conferences<\/title>\n<meta name=\"robots\" content=\"noindex, follow, max-snippet:-1, max-image-preview:large, max-video-preview:-1\" \/>\n<meta property=\"og:locale\" content=\"en_US\" \/>\n<meta property=\"og:type\" content=\"article\" \/>\n<meta property=\"og:title\" content=\"Lidex 2023 socially engaged - Lidex translations and conferences\" \/>\n<meta property=\"og:description\" content=\"Dzi\u015b chcieliby\u015bmy podzieli\u0107 si\u0119 informacjami o najnowszych dzia\u0142aniach Lidexu na rzecz zr\u00f3wnowa\u017conego rozwoju. Od lat dzia\u0142amy charytatywnie, wspieramy &#8211; w\u00a0ramach naszych mo\u017cliwo\u015bci &#8211; inicjatywy ze \u015bwiata kultury, sztuki, wsp\u00f3\u0142pracy mi\u0119dzynarodowej. Podejmujemy te\u017c w\u0142asne przedsi\u0119wzi\u0119cia w\u00a0obszarze wyr\u00f3wnywania nier\u00f3wno\u015bci oraz ochrony \u015brodowiska.\" \/>\n<meta property=\"og:url\" content=\"https:\/\/dev.lidex.grzegorzkowalski.pl\/en\/lidex-2023-socially-engaged\/\" \/>\n<meta property=\"og:site_name\" content=\"Lidex translations and conferences\" \/>\n<meta property=\"article:published_time\" content=\"2023-02-09T07:39:48+00:00\" \/>\n<meta property=\"article:modified_time\" content=\"2023-04-25T00:10:05+00:00\" \/>\n<meta property=\"og:image\" content=\"https:\/\/dev.lidex.grzegorzkowalski.pl\/wp-content\/uploads\/2023\/02\/lidex-programy-spoleczne.jpg\" \/>\n\t<meta property=\"og:image:width\" content=\"270\" \/>\n\t<meta property=\"og:image:height\" content=\"270\" \/>\n\t<meta property=\"og:image:type\" content=\"image\/jpeg\" \/>\n<meta name=\"author\" content=\"Redakcja Lidex\" \/>\n<meta name=\"twitter:card\" content=\"summary_large_image\" \/>\n<meta name=\"twitter:label1\" content=\"Written by\" \/>\n\t<meta name=\"twitter:data1\" content=\"Redakcja Lidex\" \/>\n\t<meta name=\"twitter:label2\" content=\"Est. reading time\" \/>\n\t<meta name=\"twitter:data2\" content=\"3 minutes\" \/>\n<script type=\"application\/ld+json\" class=\"yoast-schema-graph\">{\"@context\":\"https:\/\/schema.org\",\"@graph\":[{\"@type\":\"Article\",\"@id\":\"https:\/\/dev.lidex.grzegorzkowalski.pl\/en\/lidex-2023-socially-engaged\/#article\",\"isPartOf\":{\"@id\":\"https:\/\/dev.lidex.grzegorzkowalski.pl\/en\/lidex-2023-socially-engaged\/\"},\"author\":{\"name\":\"Redakcja Lidex\",\"@id\":\"https:\/\/dev.lidex.grzegorzkowalski.pl\/en\/#\/schema\/person\/19249a33c86e64628e5c7650bb329337\"},\"headline\":\"Lidex 2023 socially engaged\",\"datePublished\":\"2023-02-09T07:39:48+00:00\",\"dateModified\":\"2023-04-25T00:10:05+00:00\",\"mainEntityOfPage\":{\"@id\":\"https:\/\/dev.lidex.grzegorzkowalski.pl\/en\/lidex-2023-socially-engaged\/\"},\"wordCount\":351,\"publisher\":{\"@id\":\"https:\/\/dev.lidex.grzegorzkowalski.pl\/en\/#organization\"},\"articleSection\":[\"News\"],\"inLanguage\":\"en-US\"},{\"@type\":\"WebPage\",\"@id\":\"https:\/\/dev.lidex.grzegorzkowalski.pl\/en\/lidex-2023-socially-engaged\/\",\"url\":\"https:\/\/dev.lidex.grzegorzkowalski.pl\/en\/lidex-2023-socially-engaged\/\",\"name\":\"Lidex 2023 socially engaged - Lidex translations and conferences\",\"isPartOf\":{\"@id\":\"https:\/\/dev.lidex.grzegorzkowalski.pl\/en\/#website\"},\"datePublished\":\"2023-02-09T07:39:48+00:00\",\"dateModified\":\"2023-04-25T00:10:05+00:00\",\"breadcrumb\":{\"@id\":\"https:\/\/dev.lidex.grzegorzkowalski.pl\/en\/lidex-2023-socially-engaged\/#breadcrumb\"},\"inLanguage\":\"en-US\",\"potentialAction\":[{\"@type\":\"ReadAction\",\"target\":[\"https:\/\/dev.lidex.grzegorzkowalski.pl\/en\/lidex-2023-socially-engaged\/\"]}]},{\"@type\":\"BreadcrumbList\",\"@id\":\"https:\/\/dev.lidex.grzegorzkowalski.pl\/en\/lidex-2023-socially-engaged\/#breadcrumb\",\"itemListElement\":[{\"@type\":\"ListItem\",\"position\":1,\"name\":\"Home\",\"item\":\"https:\/\/dev.lidex.grzegorzkowalski.pl\/en\/\"},{\"@type\":\"ListItem\",\"position\":2,\"name\":\"Uncategorized\",\"item\":\"https:\/\/dev.lidex.grzegorzkowalski.pl\/en\/category\/uncategorized\/\"},{\"@type\":\"ListItem\",\"position\":3,\"name\":\"Lidex 2023 socially engaged\"}]},{\"@type\":\"WebSite\",\"@id\":\"https:\/\/dev.lidex.grzegorzkowalski.pl\/en\/#website\",\"url\":\"https:\/\/dev.lidex.grzegorzkowalski.pl\/en\/\",\"name\":\"Lidex translations and conferences\",\"description\":\"Likwidujemy bariery w kontaktach mi\u0119dzyludzkich\",\"publisher\":{\"@id\":\"https:\/\/dev.lidex.grzegorzkowalski.pl\/en\/#organization\"},\"potentialAction\":[{\"@type\":\"SearchAction\",\"target\":{\"@type\":\"EntryPoint\",\"urlTemplate\":\"https:\/\/dev.lidex.grzegorzkowalski.pl\/en\/?s={search_term_string}\"},\"query-input\":\"required name=search_term_string\"}],\"inLanguage\":\"en-US\"},{\"@type\":\"Organization\",\"@id\":\"https:\/\/dev.lidex.grzegorzkowalski.pl\/en\/#organization\",\"name\":\"Lidex translations and conferences\",\"url\":\"https:\/\/dev.lidex.grzegorzkowalski.pl\/en\/\",\"logo\":{\"@type\":\"ImageObject\",\"inLanguage\":\"en-US\",\"@id\":\"https:\/\/dev.lidex.grzegorzkowalski.pl\/en\/#\/schema\/logo\/image\/\",\"url\":\"https:\/\/dev.lidex.grzegorzkowalski.pl\/wp-content\/uploads\/2023\/06\/logotyp_en.png\",\"contentUrl\":\"https:\/\/dev.lidex.grzegorzkowalski.pl\/wp-content\/uploads\/2023\/06\/logotyp_en.png\",\"width\":243,\"height\":243,\"caption\":\"Lidex translations and conferences\"},\"image\":{\"@id\":\"https:\/\/dev.lidex.grzegorzkowalski.pl\/en\/#\/schema\/logo\/image\/\"}},{\"@type\":\"Person\",\"@id\":\"https:\/\/dev.lidex.grzegorzkowalski.pl\/en\/#\/schema\/person\/19249a33c86e64628e5c7650bb329337\",\"name\":\"Redakcja Lidex\",\"image\":{\"@type\":\"ImageObject\",\"inLanguage\":\"en-US\",\"@id\":\"https:\/\/dev.lidex.grzegorzkowalski.pl\/en\/#\/schema\/person\/image\/\",\"url\":\"https:\/\/secure.gravatar.com\/avatar\/09f8ae0b8c5445ebde23111b9d428da092f6a1fe48a09e529434486889fee48b?s=96&d=mm&r=g\",\"contentUrl\":\"https:\/\/secure.gravatar.com\/avatar\/09f8ae0b8c5445ebde23111b9d428da092f6a1fe48a09e529434486889fee48b?s=96&d=mm&r=g\",\"caption\":\"Redakcja Lidex\"},\"url\":\"https:\/\/dev.lidex.grzegorzkowalski.pl\/en\/author\/redakcja-lidex\/\"}]}<\/script>\n<!-- \/ Yoast SEO plugin. -->","yoast_head_json":{"title":"Lidex 2023 socially engaged - Lidex translations and conferences","robots":{"index":"noindex","follow":"follow","max-snippet":"max-snippet:-1","max-image-preview":"max-image-preview:large","max-video-preview":"max-video-preview:-1"},"og_locale":"en_US","og_type":"article","og_title":"Lidex 2023 socially engaged - Lidex translations and conferences","og_description":"Dzi\u015b chcieliby\u015bmy podzieli\u0107 si\u0119 informacjami o najnowszych dzia\u0142aniach Lidexu na rzecz zr\u00f3wnowa\u017conego rozwoju. Od lat dzia\u0142amy charytatywnie, wspieramy &#8211; w\u00a0ramach naszych mo\u017cliwo\u015bci &#8211; inicjatywy ze \u015bwiata kultury, sztuki, wsp\u00f3\u0142pracy mi\u0119dzynarodowej. Podejmujemy te\u017c w\u0142asne przedsi\u0119wzi\u0119cia w\u00a0obszarze wyr\u00f3wnywania nier\u00f3wno\u015bci oraz ochrony \u015brodowiska.","og_url":"https:\/\/dev.lidex.grzegorzkowalski.pl\/en\/lidex-2023-socially-engaged\/","og_site_name":"Lidex translations and conferences","article_published_time":"2023-02-09T07:39:48+00:00","article_modified_time":"2023-04-25T00:10:05+00:00","og_image":[{"width":270,"height":270,"url":"https:\/\/dev.lidex.grzegorzkowalski.pl\/wp-content\/uploads\/2023\/02\/lidex-programy-spoleczne.jpg","type":"image\/jpeg"}],"author":"Redakcja Lidex","twitter_card":"summary_large_image","twitter_misc":{"Written by":"Redakcja Lidex","Est. reading time":"3 minutes"},"schema":{"@context":"https:\/\/schema.org","@graph":[{"@type":"Article","@id":"https:\/\/dev.lidex.grzegorzkowalski.pl\/en\/lidex-2023-socially-engaged\/#article","isPartOf":{"@id":"https:\/\/dev.lidex.grzegorzkowalski.pl\/en\/lidex-2023-socially-engaged\/"},"author":{"name":"Redakcja Lidex","@id":"https:\/\/dev.lidex.grzegorzkowalski.pl\/en\/#\/schema\/person\/19249a33c86e64628e5c7650bb329337"},"headline":"Lidex 2023 socially engaged","datePublished":"2023-02-09T07:39:48+00:00","dateModified":"2023-04-25T00:10:05+00:00","mainEntityOfPage":{"@id":"https:\/\/dev.lidex.grzegorzkowalski.pl\/en\/lidex-2023-socially-engaged\/"},"wordCount":351,"publisher":{"@id":"https:\/\/dev.lidex.grzegorzkowalski.pl\/en\/#organization"},"articleSection":["News"],"inLanguage":"en-US"},{"@type":"WebPage","@id":"https:\/\/dev.lidex.grzegorzkowalski.pl\/en\/lidex-2023-socially-engaged\/","url":"https:\/\/dev.lidex.grzegorzkowalski.pl\/en\/lidex-2023-socially-engaged\/","name":"Lidex 2023 socially engaged - Lidex translations and conferences","isPartOf":{"@id":"https:\/\/dev.lidex.grzegorzkowalski.pl\/en\/#website"},"datePublished":"2023-02-09T07:39:48+00:00","dateModified":"2023-04-25T00:10:05+00:00","breadcrumb":{"@id":"https:\/\/dev.lidex.grzegorzkowalski.pl\/en\/lidex-2023-socially-engaged\/#breadcrumb"},"inLanguage":"en-US","potentialAction":[{"@type":"ReadAction","target":["https:\/\/dev.lidex.grzegorzkowalski.pl\/en\/lidex-2023-socially-engaged\/"]}]},{"@type":"BreadcrumbList","@id":"https:\/\/dev.lidex.grzegorzkowalski.pl\/en\/lidex-2023-socially-engaged\/#breadcrumb","itemListElement":[{"@type":"ListItem","position":1,"name":"Home","item":"https:\/\/dev.lidex.grzegorzkowalski.pl\/en\/"},{"@type":"ListItem","position":2,"name":"Uncategorized","item":"https:\/\/dev.lidex.grzegorzkowalski.pl\/en\/category\/uncategorized\/"},{"@type":"ListItem","position":3,"name":"Lidex 2023 socially engaged"}]},{"@type":"WebSite","@id":"https:\/\/dev.lidex.grzegorzkowalski.pl\/en\/#website","url":"https:\/\/dev.lidex.grzegorzkowalski.pl\/en\/","name":"Lidex translations and conferences","description":"Likwidujemy bariery w kontaktach mi\u0119dzyludzkich","publisher":{"@id":"https:\/\/dev.lidex.grzegorzkowalski.pl\/en\/#organization"},"potentialAction":[{"@type":"SearchAction","target":{"@type":"EntryPoint","urlTemplate":"https:\/\/dev.lidex.grzegorzkowalski.pl\/en\/?s={search_term_string}"},"query-input":"required name=search_term_string"}],"inLanguage":"en-US"},{"@type":"Organization","@id":"https:\/\/dev.lidex.grzegorzkowalski.pl\/en\/#organization","name":"Lidex translations and conferences","url":"https:\/\/dev.lidex.grzegorzkowalski.pl\/en\/","logo":{"@type":"ImageObject","inLanguage":"en-US","@id":"https:\/\/dev.lidex.grzegorzkowalski.pl\/en\/#\/schema\/logo\/image\/","url":"https:\/\/dev.lidex.grzegorzkowalski.pl\/wp-content\/uploads\/2023\/06\/logotyp_en.png","contentUrl":"https:\/\/dev.lidex.grzegorzkowalski.pl\/wp-content\/uploads\/2023\/06\/logotyp_en.png","width":243,"height":243,"caption":"Lidex translations and conferences"},"image":{"@id":"https:\/\/dev.lidex.grzegorzkowalski.pl\/en\/#\/schema\/logo\/image\/"}},{"@type":"Person","@id":"https:\/\/dev.lidex.grzegorzkowalski.pl\/en\/#\/schema\/person\/19249a33c86e64628e5c7650bb329337","name":"Redakcja Lidex","image":{"@type":"ImageObject","inLanguage":"en-US","@id":"https:\/\/dev.lidex.grzegorzkowalski.pl\/en\/#\/schema\/person\/image\/","url":"https:\/\/secure.gravatar.com\/avatar\/09f8ae0b8c5445ebde23111b9d428da092f6a1fe48a09e529434486889fee48b?s=96&d=mm&r=g","contentUrl":"https:\/\/secure.gravatar.com\/avatar\/09f8ae0b8c5445ebde23111b9d428da092f6a1fe48a09e529434486889fee48b?s=96&d=mm&r=g","caption":"Redakcja Lidex"},"url":"https:\/\/dev.lidex.grzegorzkowalski.pl\/en\/author\/redakcja-lidex\/"}]}},"_links":{"self":[{"href":"https:\/\/dev.lidex.grzegorzkowalski.pl\/en\/wp-json\/wp\/v2\/posts\/3741","targetHints":{"allow":["GET"]}}],"collection":[{"href":"https:\/\/dev.lidex.grzegorzkowalski.pl\/en\/wp-json\/wp\/v2\/posts"}],"about":[{"href":"https:\/\/dev.lidex.grzegorzkowalski.pl\/en\/wp-json\/wp\/v2\/types\/post"}],"author":[{"embeddable":true,"href":"https:\/\/dev.lidex.grzegorzkowalski.pl\/en\/wp-json\/wp\/v2\/users\/4"}],"replies":[{"embeddable":true,"href":"https:\/\/dev.lidex.grzegorzkowalski.pl\/en\/wp-json\/wp\/v2\/comments?post=3741"}],"version-history":[{"count":2,"href":"https:\/\/dev.lidex.grzegorzkowalski.pl\/en\/wp-json\/wp\/v2\/posts\/3741\/revisions"}],"predecessor-version":[{"id":5791,"href":"https:\/\/dev.lidex.grzegorzkowalski.pl\/en\/wp-json\/wp\/v2\/posts\/3741\/revisions\/5791"}],"wp:featuredmedia":[{"embeddable":true,"href":"https:\/\/dev.lidex.grzegorzkowalski.pl\/en\/wp-json\/wp\/v2\/media\/3739"}],"wp:attachment":[{"href":"https:\/\/dev.lidex.grzegorzkowalski.pl\/en\/wp-json\/wp\/v2\/media?parent=3741"}],"wp:term":[{"taxonomy":"category","embeddable":true,"href":"https:\/\/dev.lidex.grzegorzkowalski.pl\/en\/wp-json\/wp\/v2\/categories?post=3741"},{"taxonomy":"post_tag","embeddable":true,"href":"https:\/\/dev.lidex.grzegorzkowalski.pl\/en\/wp-json\/wp\/v2\/tags?post=3741"}],"curies":[{"name":"wp","href":"https:\/\/api.w.org\/{rel}","templated":true}]}}